{"id":993,"date":"2023-10-01T11:54:06","date_gmt":"2023-10-01T15:54:06","guid":{"rendered":"https:\/\/yourprivatecfo.com\/?p=993"},"modified":"2024-09-20T12:55:18","modified_gmt":"2024-09-20T16:55:18","slug":"linvestisseur-automne-2023","status":"publish","type":"post","link":"https:\/\/yourprivatecfo.com\/fr\/2023\/10\/01\/linvestisseur-automne-2023\/","title":{"rendered":"L&rsquo;investisseur &#8211; Automne 2023"},"content":{"rendered":"<p>Votre conseiller principal en gestion de patrimoine, Paul Drouin, vous pr\u00e9sente l\u2019\u00e9dition d\u2019automne de l\u2019infolettre : L\u2019investisseur.<\/p>\n<p><a href=\"https:\/\/yourprivatecfo.com\/wp-content\/uploads\/2024\/09\/NL-Fall2023-French.pdf\">Cliquez ici pour consulter la newsletter L&rsquo;investisseur &#8211; Automne 2023<\/a><\/p>\n","protected":false},"excerpt":{"rendered":"<p>Votre conseiller principal en gestion de patrimoine, Paul Drouin, vous pr\u00e9sente l\u2019\u00e9dition d\u2019automne de l\u2019infolettre : L\u2019investisseur.<\/p>\n","protected":false},"author":1,"featured_media":990,"comment_status":"open","ping_status":"open","sticky":false,"template":"","format":"standard","meta":{"_acf_changed":false,"footnotes":""},"categories":[23],"tags":[],"class_list":["post-993","post","type-post","status-publish","format-standard","has-post-thumbnail","hentry","category-infolettre"],"acf":[],"yoast_head":"<!-- This site is optimized with the Yoast SEO plugin v27.4 - https:\/\/yoast.com\/product\/yoast-seo-wordpress\/ -->\n<title>Votre CFO priv\u00e9 - L&#039;investisseur - Automne 2023<\/title>\n<meta name=\"robots\" content=\"index, follow, max-snippet:-1, max-image-preview:large, max-video-preview:-1\" \/>\n<link rel=\"canonical\" href=\"https:\/\/yourprivatecfo.com\/fr\/2023\/10\/01\/linvestisseur-automne-2023\/\" \/>\n<meta property=\"og:locale\" content=\"fr_FR\" \/>\n<meta property=\"og:type\" content=\"article\" \/>\n<meta property=\"og:title\" content=\"Votre CFO priv\u00e9 - L&#039;investisseur - Automne 2023\" \/>\n<meta property=\"og:description\" content=\"Votre conseiller principal en gestion de patrimoine, Paul Drouin, vous pr\u00e9sente l\u2019\u00e9dition d\u2019automne de l\u2019infolettre : L\u2019investisseur.\" \/>\n<meta property=\"og:url\" content=\"https:\/\/yourprivatecfo.com\/fr\/2023\/10\/01\/linvestisseur-automne-2023\/\" \/>\n<meta property=\"og:site_name\" content=\"Votre CFO priv\u00e9\" \/>\n<meta property=\"article:publisher\" content=\"https:\/\/www.facebook.com\/yourprivatecfo\/\" \/>\n<meta property=\"article:published_time\" content=\"2023-10-01T15:54:06+00:00\" \/>\n<meta property=\"article:modified_time\" content=\"2024-09-20T16:55:18+00:00\" \/>\n<meta property=\"og:image\" content=\"https:\/\/yourprivatecfo.com\/wp-content\/uploads\/2024\/09\/fall2023.webp\" \/>\n\t<meta property=\"og:image:width\" content=\"609\" \/>\n\t<meta property=\"og:image:height\" content=\"409\" \/>\n\t<meta property=\"og:image:type\" content=\"image\/webp\" \/>\n<meta name=\"author\" content=\"dist_admin\" \/>\n<meta name=\"twitter:card\" content=\"summary_large_image\" \/>\n<meta name=\"twitter:label1\" content=\"\u00c9crit par\" \/>\n\t<meta name=\"twitter:data1\" content=\"dist_admin\" \/>\n\t<meta name=\"twitter:label2\" content=\"Dur\u00e9e de lecture estim\u00e9e\" \/>\n\t<meta name=\"twitter:data2\" content=\"1 minute\" \/>\n<script type=\"application\/ld+json\" class=\"yoast-schema-graph\">{\"@context\":\"https:\\\/\\\/schema.org\",\"@graph\":[{\"@type\":\"Article\",\"@id\":\"https:\\\/\\\/yourprivatecfo.com\\\/fr\\\/2023\\\/10\\\/01\\\/linvestisseur-automne-2023\\\/#article\",\"isPartOf\":{\"@id\":\"https:\\\/\\\/yourprivatecfo.com\\\/fr\\\/2023\\\/10\\\/01\\\/linvestisseur-automne-2023\\\/\"},\"author\":{\"name\":\"dist_admin\",\"@id\":\"https:\\\/\\\/yourprivatecfo.com\\\/fr\\\/#\\\/schema\\\/person\\\/c4b8dc8af85fc10354e16ddcc85e1324\"},\"headline\":\"L&rsquo;investisseur &#8211; Automne 2023\",\"datePublished\":\"2023-10-01T15:54:06+00:00\",\"dateModified\":\"2024-09-20T16:55:18+00:00\",\"mainEntityOfPage\":{\"@id\":\"https:\\\/\\\/yourprivatecfo.com\\\/fr\\\/2023\\\/10\\\/01\\\/linvestisseur-automne-2023\\\/\"},\"wordCount\":35,\"commentCount\":0,\"image\":{\"@id\":\"https:\\\/\\\/yourprivatecfo.com\\\/fr\\\/2023\\\/10\\\/01\\\/linvestisseur-automne-2023\\\/#primaryimage\"},\"thumbnailUrl\":\"https:\\\/\\\/yourprivatecfo.com\\\/wp-content\\\/uploads\\\/2024\\\/09\\\/fall2023.webp\",\"articleSection\":[\"Infolettre\"],\"inLanguage\":\"fr-FR\",\"potentialAction\":[{\"@type\":\"CommentAction\",\"name\":\"Comment\",\"target\":[\"https:\\\/\\\/yourprivatecfo.com\\\/fr\\\/2023\\\/10\\\/01\\\/linvestisseur-automne-2023\\\/#respond\"]}]},{\"@type\":\"WebPage\",\"@id\":\"https:\\\/\\\/yourprivatecfo.com\\\/fr\\\/2023\\\/10\\\/01\\\/linvestisseur-automne-2023\\\/\",\"url\":\"https:\\\/\\\/yourprivatecfo.com\\\/fr\\\/2023\\\/10\\\/01\\\/linvestisseur-automne-2023\\\/\",\"name\":\"Votre CFO priv\u00e9 - L'investisseur - Automne 2023\",\"isPartOf\":{\"@id\":\"https:\\\/\\\/yourprivatecfo.com\\\/fr\\\/#website\"},\"primaryImageOfPage\":{\"@id\":\"https:\\\/\\\/yourprivatecfo.com\\\/fr\\\/2023\\\/10\\\/01\\\/linvestisseur-automne-2023\\\/#primaryimage\"},\"image\":{\"@id\":\"https:\\\/\\\/yourprivatecfo.com\\\/fr\\\/2023\\\/10\\\/01\\\/linvestisseur-automne-2023\\\/#primaryimage\"},\"thumbnailUrl\":\"https:\\\/\\\/yourprivatecfo.com\\\/wp-content\\\/uploads\\\/2024\\\/09\\\/fall2023.webp\",\"datePublished\":\"2023-10-01T15:54:06+00:00\",\"dateModified\":\"2024-09-20T16:55:18+00:00\",\"author\":{\"@id\":\"https:\\\/\\\/yourprivatecfo.com\\\/fr\\\/#\\\/schema\\\/person\\\/c4b8dc8af85fc10354e16ddcc85e1324\"},\"breadcrumb\":{\"@id\":\"https:\\\/\\\/yourprivatecfo.com\\\/fr\\\/2023\\\/10\\\/01\\\/linvestisseur-automne-2023\\\/#breadcrumb\"},\"inLanguage\":\"fr-FR\",\"potentialAction\":[{\"@type\":\"ReadAction\",\"target\":[\"https:\\\/\\\/yourprivatecfo.com\\\/fr\\\/2023\\\/10\\\/01\\\/linvestisseur-automne-2023\\\/\"]}]},{\"@type\":\"ImageObject\",\"inLanguage\":\"fr-FR\",\"@id\":\"https:\\\/\\\/yourprivatecfo.com\\\/fr\\\/2023\\\/10\\\/01\\\/linvestisseur-automne-2023\\\/#primaryimage\",\"url\":\"https:\\\/\\\/yourprivatecfo.com\\\/wp-content\\\/uploads\\\/2024\\\/09\\\/fall2023.webp\",\"contentUrl\":\"https:\\\/\\\/yourprivatecfo.com\\\/wp-content\\\/uploads\\\/2024\\\/09\\\/fall2023.webp\",\"width\":609,\"height\":409},{\"@type\":\"BreadcrumbList\",\"@id\":\"https:\\\/\\\/yourprivatecfo.com\\\/fr\\\/2023\\\/10\\\/01\\\/linvestisseur-automne-2023\\\/#breadcrumb\",\"itemListElement\":[{\"@type\":\"ListItem\",\"position\":1,\"name\":\"Home\",\"item\":\"https:\\\/\\\/yourprivatecfo.com\\\/fr\\\/\"},{\"@type\":\"ListItem\",\"position\":2,\"name\":\"L&#8217;investisseur &#8211; Automne 2023\"}]},{\"@type\":\"WebSite\",\"@id\":\"https:\\\/\\\/yourprivatecfo.com\\\/fr\\\/#website\",\"url\":\"https:\\\/\\\/yourprivatecfo.com\\\/fr\\\/\",\"name\":\"Votre CFO priv\u00e9\",\"description\":\"\",\"potentialAction\":[{\"@type\":\"SearchAction\",\"target\":{\"@type\":\"EntryPoint\",\"urlTemplate\":\"https:\\\/\\\/yourprivatecfo.com\\\/fr\\\/?s={search_term_string}\"},\"query-input\":{\"@type\":\"PropertyValueSpecification\",\"valueRequired\":true,\"valueName\":\"search_term_string\"}}],\"inLanguage\":\"fr-FR\"},{\"@type\":\"Person\",\"@id\":\"https:\\\/\\\/yourprivatecfo.com\\\/fr\\\/#\\\/schema\\\/person\\\/c4b8dc8af85fc10354e16ddcc85e1324\",\"name\":\"dist_admin\",\"image\":{\"@type\":\"ImageObject\",\"inLanguage\":\"fr-FR\",\"@id\":\"https:\\\/\\\/secure.gravatar.com\\\/avatar\\\/5b63ef4dd98fd0b664b81b72f72acf52e8ff3e996c6e1a37aba09b38f13ba298?s=96&d=mm&r=g\",\"url\":\"https:\\\/\\\/secure.gravatar.com\\\/avatar\\\/5b63ef4dd98fd0b664b81b72f72acf52e8ff3e996c6e1a37aba09b38f13ba298?s=96&d=mm&r=g\",\"contentUrl\":\"https:\\\/\\\/secure.gravatar.com\\\/avatar\\\/5b63ef4dd98fd0b664b81b72f72acf52e8ff3e996c6e1a37aba09b38f13ba298?s=96&d=mm&r=g\",\"caption\":\"dist_admin\"},\"sameAs\":[\"https:\\\/\\\/yourprivatecfo.com\"]}]}<\/script>\n<!-- \/ Yoast SEO plugin. -->","yoast_head_json":{"title":"Votre CFO priv\u00e9 - L'investisseur - Automne 2023","robots":{"index":"index","follow":"follow","max-snippet":"max-snippet:-1","max-image-preview":"max-image-preview:large","max-video-preview":"max-video-preview:-1"},"canonical":"https:\/\/yourprivatecfo.com\/fr\/2023\/10\/01\/linvestisseur-automne-2023\/","og_locale":"fr_FR","og_type":"article","og_title":"Votre CFO priv\u00e9 - L'investisseur - Automne 2023","og_description":"Votre conseiller principal en gestion de patrimoine, Paul Drouin, vous pr\u00e9sente l\u2019\u00e9dition d\u2019automne de l\u2019infolettre : L\u2019investisseur.","og_url":"https:\/\/yourprivatecfo.com\/fr\/2023\/10\/01\/linvestisseur-automne-2023\/","og_site_name":"Votre CFO priv\u00e9","article_publisher":"https:\/\/www.facebook.com\/yourprivatecfo\/","article_published_time":"2023-10-01T15:54:06+00:00","article_modified_time":"2024-09-20T16:55:18+00:00","og_image":[{"width":609,"height":409,"url":"https:\/\/yourprivatecfo.com\/wp-content\/uploads\/2024\/09\/fall2023.webp","type":"image\/webp"}],"author":"dist_admin","twitter_card":"summary_large_image","twitter_misc":{"\u00c9crit par":"dist_admin","Dur\u00e9e de lecture estim\u00e9e":"1 minute"},"schema":{"@context":"https:\/\/schema.org","@graph":[{"@type":"Article","@id":"https:\/\/yourprivatecfo.com\/fr\/2023\/10\/01\/linvestisseur-automne-2023\/#article","isPartOf":{"@id":"https:\/\/yourprivatecfo.com\/fr\/2023\/10\/01\/linvestisseur-automne-2023\/"},"author":{"name":"dist_admin","@id":"https:\/\/yourprivatecfo.com\/fr\/#\/schema\/person\/c4b8dc8af85fc10354e16ddcc85e1324"},"headline":"L&rsquo;investisseur &#8211; Automne 2023","datePublished":"2023-10-01T15:54:06+00:00","dateModified":"2024-09-20T16:55:18+00:00","mainEntityOfPage":{"@id":"https:\/\/yourprivatecfo.com\/fr\/2023\/10\/01\/linvestisseur-automne-2023\/"},"wordCount":35,"commentCount":0,"image":{"@id":"https:\/\/yourprivatecfo.com\/fr\/2023\/10\/01\/linvestisseur-automne-2023\/#primaryimage"},"thumbnailUrl":"https:\/\/yourprivatecfo.com\/wp-content\/uploads\/2024\/09\/fall2023.webp","articleSection":["Infolettre"],"inLanguage":"fr-FR","potentialAction":[{"@type":"CommentAction","name":"Comment","target":["https:\/\/yourprivatecfo.com\/fr\/2023\/10\/01\/linvestisseur-automne-2023\/#respond"]}]},{"@type":"WebPage","@id":"https:\/\/yourprivatecfo.com\/fr\/2023\/10\/01\/linvestisseur-automne-2023\/","url":"https:\/\/yourprivatecfo.com\/fr\/2023\/10\/01\/linvestisseur-automne-2023\/","name":"Votre CFO priv\u00e9 - L'investisseur - Automne 2023","isPartOf":{"@id":"https:\/\/yourprivatecfo.com\/fr\/#website"},"primaryImageOfPage":{"@id":"https:\/\/yourprivatecfo.com\/fr\/2023\/10\/01\/linvestisseur-automne-2023\/#primaryimage"},"image":{"@id":"https:\/\/yourprivatecfo.com\/fr\/2023\/10\/01\/linvestisseur-automne-2023\/#primaryimage"},"thumbnailUrl":"https:\/\/yourprivatecfo.com\/wp-content\/uploads\/2024\/09\/fall2023.webp","datePublished":"2023-10-01T15:54:06+00:00","dateModified":"2024-09-20T16:55:18+00:00","author":{"@id":"https:\/\/yourprivatecfo.com\/fr\/#\/schema\/person\/c4b8dc8af85fc10354e16ddcc85e1324"},"breadcrumb":{"@id":"https:\/\/yourprivatecfo.com\/fr\/2023\/10\/01\/linvestisseur-automne-2023\/#breadcrumb"},"inLanguage":"fr-FR","potentialAction":[{"@type":"ReadAction","target":["https:\/\/yourprivatecfo.com\/fr\/2023\/10\/01\/linvestisseur-automne-2023\/"]}]},{"@type":"ImageObject","inLanguage":"fr-FR","@id":"https:\/\/yourprivatecfo.com\/fr\/2023\/10\/01\/linvestisseur-automne-2023\/#primaryimage","url":"https:\/\/yourprivatecfo.com\/wp-content\/uploads\/2024\/09\/fall2023.webp","contentUrl":"https:\/\/yourprivatecfo.com\/wp-content\/uploads\/2024\/09\/fall2023.webp","width":609,"height":409},{"@type":"BreadcrumbList","@id":"https:\/\/yourprivatecfo.com\/fr\/2023\/10\/01\/linvestisseur-automne-2023\/#breadcrumb","itemListElement":[{"@type":"ListItem","position":1,"name":"Home","item":"https:\/\/yourprivatecfo.com\/fr\/"},{"@type":"ListItem","position":2,"name":"L&#8217;investisseur &#8211; Automne 2023"}]},{"@type":"WebSite","@id":"https:\/\/yourprivatecfo.com\/fr\/#website","url":"https:\/\/yourprivatecfo.com\/fr\/","name":"Votre CFO priv\u00e9","description":"","potentialAction":[{"@type":"SearchAction","target":{"@type":"EntryPoint","urlTemplate":"https:\/\/yourprivatecfo.com\/fr\/?s={search_term_string}"},"query-input":{"@type":"PropertyValueSpecification","valueRequired":true,"valueName":"search_term_string"}}],"inLanguage":"fr-FR"},{"@type":"Person","@id":"https:\/\/yourprivatecfo.com\/fr\/#\/schema\/person\/c4b8dc8af85fc10354e16ddcc85e1324","name":"dist_admin","image":{"@type":"ImageObject","inLanguage":"fr-FR","@id":"https:\/\/secure.gravatar.com\/avatar\/5b63ef4dd98fd0b664b81b72f72acf52e8ff3e996c6e1a37aba09b38f13ba298?s=96&d=mm&r=g","url":"https:\/\/secure.gravatar.com\/avatar\/5b63ef4dd98fd0b664b81b72f72acf52e8ff3e996c6e1a37aba09b38f13ba298?s=96&d=mm&r=g","contentUrl":"https:\/\/secure.gravatar.com\/avatar\/5b63ef4dd98fd0b664b81b72f72acf52e8ff3e996c6e1a37aba09b38f13ba298?s=96&d=mm&r=g","caption":"dist_admin"},"sameAs":["https:\/\/yourprivatecfo.com"]}]}},"_links":{"self":[{"href":"https:\/\/yourprivatecfo.com\/fr\/wp-json\/wp\/v2\/posts\/993","targetHints":{"allow":["GET"]}}],"collection":[{"href":"https:\/\/yourprivatecfo.com\/fr\/wp-json\/wp\/v2\/posts"}],"about":[{"href":"https:\/\/yourprivatecfo.com\/fr\/wp-json\/wp\/v2\/types\/post"}],"author":[{"embeddable":true,"href":"https:\/\/yourprivatecfo.com\/fr\/wp-json\/wp\/v2\/users\/1"}],"replies":[{"embeddable":true,"href":"https:\/\/yourprivatecfo.com\/fr\/wp-json\/wp\/v2\/comments?post=993"}],"version-history":[{"count":3,"href":"https:\/\/yourprivatecfo.com\/fr\/wp-json\/wp\/v2\/posts\/993\/revisions"}],"predecessor-version":[{"id":996,"href":"https:\/\/yourprivatecfo.com\/fr\/wp-json\/wp\/v2\/posts\/993\/revisions\/996"}],"wp:featuredmedia":[{"embeddable":true,"href":"https:\/\/yourprivatecfo.com\/fr\/wp-json\/wp\/v2\/media\/990"}],"wp:attachment":[{"href":"https:\/\/yourprivatecfo.com\/fr\/wp-json\/wp\/v2\/media?parent=993"}],"wp:term":[{"taxonomy":"category","embeddable":true,"href":"https:\/\/yourprivatecfo.com\/fr\/wp-json\/wp\/v2\/categories?post=993"},{"taxonomy":"post_tag","embeddable":true,"href":"https:\/\/yourprivatecfo.com\/fr\/wp-json\/wp\/v2\/tags?post=993"}],"curies":[{"name":"wp","href":"https:\/\/api.w.org\/{rel}","templated":true}]}}